{"id":13320,"date":"2016-11-28T12:23:26","date_gmt":"2016-11-28T12:23:26","guid":{"rendered":"https:\/\/fundacionequipohumano.es\/2016\/11\/28\/kick-off-del-proyecto-eu-pv-trainer-en-radom-polonia\/"},"modified":"2016-11-28T12:23:26","modified_gmt":"2016-11-28T12:23:26","slug":"kick-off-del-proyecto-eu-pv-trainer-en-radom-polonia","status":"publish","type":"post","link":"https:\/\/fundacionequipohumano.es\/en\/kick-off-del-proyecto-eu-pv-trainer-en-radom-polonia\/","title":{"rendered":"Asistimos al kick-off del proyecto EU-PV TRAINER en Radom (Polonia)"},"content":{"rendered":"<p><img fetchpriority=\"high\" decoding=\"async\" class=\"size-full wp-image-13316\" src=\"https:\/\/fundacionequipohumano.es\/wp-content\/uploads\/2016\/11\/7ab716354432ee12f19b58c60471093b.jpg\" alt=\"\" width=\"1177\" height=\"662\" \/><\/p>\n<p><img decoding=\"async\" class=\"size-full wp-image-13318\" src=\"https:\/\/fundacionequipohumano.es\/wp-content\/uploads\/2016\/11\/grupal.jpg\" alt=\"\" width=\"702\" height=\"395\" style=\"display: block; margin-left: auto; margin-right: auto;\" \/><\/p>\n<p style=\"text-align: justify;\">A lo largo de los d\u00edas 22 y 23 de noviembre tuvo lugar en la ciudad de Radom (Polonia), la primera reuni\u00f3n del <a href=\"es\/proyectos-europeos\/proyectos\/eu-pv\" target=\"_blank\" rel=\"noopener noreferrer\">proyecto europeo EU-PV<\/a>, del que forma parte Fundaci\u00f3n Equipo Humano y al que asistieron nuestros compa\u00f1eros de proyectos europeos: C\u00e9cile Sauvage y Mario S\u00e1nchez.&nbsp;<\/p>\n<p style=\"text-align: justify;\">El proyecto EU-PV TRAINER, que dio su pistoletazo de salida el 1 de septiembre, hace frente a la escasez de formadores\/as de instaladores\/as de equipos fotovoltaicos bien formados a nivel europeo, y la creciente demanda de este perfil. Este perfil profesional est\u00e1 \u00edntimamente ligado a la transici\u00f3n hacia una econom\u00eda baja en carbono, y a la capacitaci\u00f3n de nuevos profesionales en este sector emergente.<\/p>\n<p style=\"text-align: justify;\">EU-PV TRAINER est\u00e1 liderado por el Instituto de Investigaci\u00f3n Internacional de Tecnolog\u00edas Sostenibles (Radom, Polonia), y participan EDITC (Chipre), la Universidad de Galati Dunarea de Jos (Ruman\u00eda), la Asociaci\u00f3n Polaca de Ingenieros El\u00e9ctricos (Polonia), la Asociaci\u00f3n Polaca de Energ\u00eda Fotovoltaica (Polonia), y la Fundaci\u00f3n Equipo Humano (Espa\u00f1a).<\/p>\n<p style=\"text-align: justify;\"><strong>Mejorando la formaci\u00f3n de los instaladores<\/strong><\/p>\n<p>Actualmente, la cualificaci\u00f3n necesaria para ejercer como formador\/a de instaladores\/as de equipos fotovoltaicos es imprecisa, a menudo vinculada a la experiencia t\u00e9cnica (y no tanto a la docente), afectando <img decoding=\"async\" class=\"alignright size-full wp-image-13203\" src=\"https:\/\/fundacionequipohumano.es\/wp-content\/uploads\/2016\/10\/Installer.jpg\" alt=\"\" width=\"236\" height=\"177\" style=\"float: right;\" \/>negativamente a la calidad de la formaci\u00f3n de instaladores. Adem\u00e1s, los formadores que buscan cualificarse para ense\u00f1ar con calidad, no encuentran itinerarios espec\u00edficos en ninguno de los pa\u00edses miembros del proyecto.<\/p>\n<p style=\"text-align: justify;\">El proyecto EU-PV TRAINER tiene como visi\u00f3n mejorar la calidad de la educaci\u00f3n y la formaci\u00f3n para los\/as futuros\/as instaladores\/as de equipos fotovoltaicos.<\/p>\n<p style=\"text-align: justify;\"><strong>\u00bfC\u00f3mo va a funcionar EU-PV Trainer?<\/strong><\/p>\n<p style=\"text-align: justify;\">Para lograr este objetivo primordial, seis socios de tres pa\u00edses europeos trabajar\u00e1n codo con codo entre octubre de 2016 y septiembre de 2019 para nivelar y mejorar la competencia de los\/as formadores\/as de instaladores\/as de equipos fotovoltaicos:<\/p>\n<ul>\n<li style=\"text-align: justify;\">Crear\u00e1n un est\u00e1ndar de cualificaci\u00f3n para el\/la formador\/a de instaladores\/as de equipos fotovoltaicos, reconocible a nivel europeo al integrar los requisitos de los mecanismos internacionales (ISO\/IEC 17024) y europeos de cualificaci\u00f3n (EQF, NQF, ECVET y EQAVET).<\/li>\n<li style=\"text-align: justify;\">Elaborar\u00e1n un programa modular de formaci\u00f3n semi-presencial para el\/la formador\/a de instaladores\/as de equipos fotovoltaicos, combinando conocimientos te\u00f3ricos y pr\u00e1cticos.<\/li>\n<li style=\"text-align: justify;\">Dotar\u00e1n a este programa de un banco virtual de recursos educativos ligados a cada uno de los m\u00f3dulos.<\/li>\n<li style=\"text-align: justify;\">Desarrollar\u00e1n pruebas para evaluar la adquisici\u00f3n de conocimientos, habilidades y aptitudes necesarias para obtener la cualificaci\u00f3n.<\/li>\n<\/ul>","protected":false},"excerpt":{"rendered":"<p>A lo largo de los d\u00edas 22 y 23 de noviembre tuvo lugar en la ciudad de Radom (Polonia), la primera reuni\u00f3n del proyecto europeo EU-PV, del que forma parte&hellip;<\/p>","protected":false},"author":18,"featured_media":13316,"comment_status":"open","ping_status":"open","sticky":false,"template":"","format":"standard","meta":{"footnotes":""},"categories":[1],"tags":[],"yoast_head":"<!-- This site is optimized with the Yoast SEO plugin v22.3 - https:\/\/yoast.com\/wordpress\/plugins\/seo\/ -->\n<title>Asistimos al kick-off del proyecto EU-PV TRAINER en Radom (Polonia) - Fundaci\u00f3n Equipo Humano<\/title>\n<meta name=\"robots\" content=\"index, follow, max-snippet:-1, max-image-preview:large, max-video-preview:-1\" \/>\n<link rel=\"canonical\" href=\"https:\/\/fundacionequipohumano.es\/en\/kick-off-del-proyecto-eu-pv-trainer-en-radom-polonia\/\" \/>\n<meta property=\"og:locale\" content=\"es_ES\" \/>\n<meta property=\"og:type\" content=\"article\" \/>\n<meta property=\"og:title\" content=\"Asistimos al kick-off del proyecto EU-PV TRAINER en Radom (Polonia) - Fundaci\u00f3n Equipo Humano\" \/>\n<meta property=\"og:description\" content=\"A lo largo de los d\u00edas 22 y 23 de noviembre tuvo lugar en la ciudad de Radom (Polonia), la primera reuni\u00f3n del proyecto europeo EU-PV, del que forma parte&hellip;\" \/>\n<meta property=\"og:url\" content=\"https:\/\/fundacionequipohumano.es\/en\/kick-off-del-proyecto-eu-pv-trainer-en-radom-polonia\/\" \/>\n<meta property=\"og:site_name\" content=\"Fundaci\u00f3n Equipo Humano\" \/>\n<meta property=\"article:publisher\" content=\"https:\/\/www.facebook.com\/fundacionEH\/\" \/>\n<meta property=\"article:published_time\" content=\"2016-11-28T12:23:26+00:00\" \/>\n<meta property=\"og:image\" content=\"https:\/\/fundacionequipohumano.es\/wp-content\/uploads\/2016\/11\/7ab716354432ee12f19b58c60471093b.jpg\" \/>\n\t<meta property=\"og:image:width\" content=\"1177\" \/>\n\t<meta property=\"og:image:height\" content=\"662\" \/>\n\t<meta property=\"og:image:type\" content=\"image\/jpeg\" \/>\n<meta name=\"author\" content=\"FEH\" \/>\n<meta name=\"twitter:card\" content=\"summary_large_image\" \/>\n<meta name=\"twitter:creator\" content=\"@FEquipoHumano\" \/>\n<meta name=\"twitter:site\" content=\"@FEquipoHumano\" \/>\n<meta name=\"twitter:label1\" content=\"Written by\" \/>\n\t<meta name=\"twitter:data1\" content=\"FEH\" \/>\n\t<meta name=\"twitter:label2\" content=\"Estimated reading time\" \/>\n\t<meta name=\"twitter:data2\" content=\"2 minutos\" \/>\n<script type=\"application\/ld+json\" class=\"yoast-schema-graph\">{\"@context\":\"https:\/\/schema.org\",\"@graph\":[{\"@type\":\"Article\",\"@id\":\"https:\/\/fundacionequipohumano.es\/en\/kick-off-del-proyecto-eu-pv-trainer-en-radom-polonia\/#article\",\"isPartOf\":{\"@id\":\"https:\/\/fundacionequipohumano.es\/en\/kick-off-del-proyecto-eu-pv-trainer-en-radom-polonia\/\"},\"author\":{\"name\":\"FEH\",\"@id\":\"https:\/\/fundacionequipohumano.es\/en\/#\/schema\/person\/9bc5b2014b12f596bf679aac5e4064b2\"},\"headline\":\"Asistimos al kick-off del proyecto EU-PV TRAINER en Radom (Polonia)\",\"datePublished\":\"2016-11-28T12:23:26+00:00\",\"dateModified\":\"2016-11-28T12:23:26+00:00\",\"mainEntityOfPage\":{\"@id\":\"https:\/\/fundacionequipohumano.es\/en\/kick-off-del-proyecto-eu-pv-trainer-en-radom-polonia\/\"},\"wordCount\":447,\"commentCount\":0,\"publisher\":{\"@id\":\"https:\/\/fundacionequipohumano.es\/en\/#organization\"},\"image\":{\"@id\":\"https:\/\/fundacionequipohumano.es\/en\/kick-off-del-proyecto-eu-pv-trainer-en-radom-polonia\/#primaryimage\"},\"thumbnailUrl\":\"https:\/\/fundacionequipohumano.es\/wp-content\/uploads\/2016\/11\/7ab716354432ee12f19b58c60471093b.jpg\",\"articleSection\":[\"Sin categorizar\"],\"inLanguage\":\"es\",\"potentialAction\":[{\"@type\":\"CommentAction\",\"name\":\"Comment\",\"target\":[\"https:\/\/fundacionequipohumano.es\/en\/kick-off-del-proyecto-eu-pv-trainer-en-radom-polonia\/#respond\"]}]},{\"@type\":\"WebPage\",\"@id\":\"https:\/\/fundacionequipohumano.es\/en\/kick-off-del-proyecto-eu-pv-trainer-en-radom-polonia\/\",\"url\":\"https:\/\/fundacionequipohumano.es\/en\/kick-off-del-proyecto-eu-pv-trainer-en-radom-polonia\/\",\"name\":\"Asistimos al kick-off del proyecto EU-PV TRAINER en Radom (Polonia) - Fundaci\u00f3n Equipo Humano\",\"isPartOf\":{\"@id\":\"https:\/\/fundacionequipohumano.es\/en\/#website\"},\"primaryImageOfPage\":{\"@id\":\"https:\/\/fundacionequipohumano.es\/en\/kick-off-del-proyecto-eu-pv-trainer-en-radom-polonia\/#primaryimage\"},\"image\":{\"@id\":\"https:\/\/fundacionequipohumano.es\/en\/kick-off-del-proyecto-eu-pv-trainer-en-radom-polonia\/#primaryimage\"},\"thumbnailUrl\":\"https:\/\/fundacionequipohumano.es\/wp-content\/uploads\/2016\/11\/7ab716354432ee12f19b58c60471093b.jpg\",\"datePublished\":\"2016-11-28T12:23:26+00:00\",\"dateModified\":\"2016-11-28T12:23:26+00:00\",\"breadcrumb\":{\"@id\":\"https:\/\/fundacionequipohumano.es\/en\/kick-off-del-proyecto-eu-pv-trainer-en-radom-polonia\/#breadcrumb\"},\"inLanguage\":\"es\",\"potentialAction\":[{\"@type\":\"ReadAction\",\"target\":[\"https:\/\/fundacionequipohumano.es\/en\/kick-off-del-proyecto-eu-pv-trainer-en-radom-polonia\/\"]}]},{\"@type\":\"ImageObject\",\"inLanguage\":\"es\",\"@id\":\"https:\/\/fundacionequipohumano.es\/en\/kick-off-del-proyecto-eu-pv-trainer-en-radom-polonia\/#primaryimage\",\"url\":\"https:\/\/fundacionequipohumano.es\/wp-content\/uploads\/2016\/11\/7ab716354432ee12f19b58c60471093b.jpg\",\"contentUrl\":\"https:\/\/fundacionequipohumano.es\/wp-content\/uploads\/2016\/11\/7ab716354432ee12f19b58c60471093b.jpg\",\"width\":1177,\"height\":662},{\"@type\":\"BreadcrumbList\",\"@id\":\"https:\/\/fundacionequipohumano.es\/en\/kick-off-del-proyecto-eu-pv-trainer-en-radom-polonia\/#breadcrumb\",\"itemListElement\":[{\"@type\":\"ListItem\",\"position\":1,\"name\":\"Portada\",\"item\":\"https:\/\/fundacionequipohumano.es\/\"},{\"@type\":\"ListItem\",\"position\":2,\"name\":\"Asistimos al kick-off del proyecto EU-PV TRAINER en Radom (Polonia)\"}]},{\"@type\":\"WebSite\",\"@id\":\"https:\/\/fundacionequipohumano.es\/en\/#website\",\"url\":\"https:\/\/fundacionequipohumano.es\/en\/\",\"name\":\"Fundaci\u00f3n Equipo Humano\",\"description\":\"Impulsamos el desarrollo humano mediante innovaci\u00f3n, formaci\u00f3n de calidad y mejora de la empleabilidad. M\u00e1s de 10 a\u00f1os defendiendo el potencial de las personas.\",\"publisher\":{\"@id\":\"https:\/\/fundacionequipohumano.es\/en\/#organization\"},\"potentialAction\":[{\"@type\":\"SearchAction\",\"target\":{\"@type\":\"EntryPoint\",\"urlTemplate\":\"https:\/\/fundacionequipohumano.es\/en\/?s={search_term_string}\"},\"query-input\":\"required name=search_term_string\"}],\"inLanguage\":\"es\"},{\"@type\":\"Organization\",\"@id\":\"https:\/\/fundacionequipohumano.es\/en\/#organization\",\"name\":\"Fundaci\u00f3n Equipo Humano\",\"url\":\"https:\/\/fundacionequipohumano.es\/en\/\",\"logo\":{\"@type\":\"ImageObject\",\"inLanguage\":\"es\",\"@id\":\"https:\/\/fundacionequipohumano.es\/en\/#\/schema\/logo\/image\/\",\"url\":\"https:\/\/fundacionequipohumano.es\/wp-content\/uploads\/2020\/01\/FEH_logo-03-1.svg\",\"contentUrl\":\"https:\/\/fundacionequipohumano.es\/wp-content\/uploads\/2020\/01\/FEH_logo-03-1.svg\",\"width\":595,\"height\":81,\"caption\":\"Fundaci\u00f3n Equipo Humano\"},\"image\":{\"@id\":\"https:\/\/fundacionequipohumano.es\/en\/#\/schema\/logo\/image\/\"},\"sameAs\":[\"https:\/\/www.facebook.com\/fundacionEH\/\",\"https:\/\/twitter.com\/FEquipoHumano\",\"https:\/\/www.instagram.com\/fequipohumano\/\",\"https:\/\/www.linkedin.com\/company\/fundacion-equipo-humano\/\"]},{\"@type\":\"Person\",\"@id\":\"https:\/\/fundacionequipohumano.es\/en\/#\/schema\/person\/9bc5b2014b12f596bf679aac5e4064b2\",\"name\":\"FEH\",\"image\":{\"@type\":\"ImageObject\",\"inLanguage\":\"es\",\"@id\":\"https:\/\/fundacionequipohumano.es\/en\/#\/schema\/person\/image\/\",\"url\":\"https:\/\/secure.gravatar.com\/avatar\/cb06b967607e2b8af830751721ec1b32?s=96&d=mm&r=g\",\"contentUrl\":\"https:\/\/secure.gravatar.com\/avatar\/cb06b967607e2b8af830751721ec1b32?s=96&d=mm&r=g\",\"caption\":\"FEH\"}}]}<\/script>\n<!-- \/ Yoast SEO plugin. -->","yoast_head_json":{"title":"Asistimos al kick-off del proyecto EU-PV TRAINER en Radom (Polonia) - Fundaci\u00f3n Equipo Humano","robots":{"index":"index","follow":"follow","max-snippet":"max-snippet:-1","max-image-preview":"max-image-preview:large","max-video-preview":"max-video-preview:-1"},"canonical":"https:\/\/fundacionequipohumano.es\/en\/kick-off-del-proyecto-eu-pv-trainer-en-radom-polonia\/","og_locale":"es_ES","og_type":"article","og_title":"Asistimos al kick-off del proyecto EU-PV TRAINER en Radom (Polonia) - Fundaci\u00f3n Equipo Humano","og_description":"A lo largo de los d\u00edas 22 y 23 de noviembre tuvo lugar en la ciudad de Radom (Polonia), la primera reuni\u00f3n del proyecto europeo EU-PV, del que forma parte&hellip;","og_url":"https:\/\/fundacionequipohumano.es\/en\/kick-off-del-proyecto-eu-pv-trainer-en-radom-polonia\/","og_site_name":"Fundaci\u00f3n Equipo Humano","article_publisher":"https:\/\/www.facebook.com\/fundacionEH\/","article_published_time":"2016-11-28T12:23:26+00:00","og_image":[{"width":1177,"height":662,"url":"https:\/\/fundacionequipohumano.es\/wp-content\/uploads\/2016\/11\/7ab716354432ee12f19b58c60471093b.jpg","type":"image\/jpeg"}],"author":"FEH","twitter_card":"summary_large_image","twitter_creator":"@FEquipoHumano","twitter_site":"@FEquipoHumano","twitter_misc":{"Written by":"FEH","Estimated reading time":"2 minutos"},"schema":{"@context":"https:\/\/schema.org","@graph":[{"@type":"Article","@id":"https:\/\/fundacionequipohumano.es\/en\/kick-off-del-proyecto-eu-pv-trainer-en-radom-polonia\/#article","isPartOf":{"@id":"https:\/\/fundacionequipohumano.es\/en\/kick-off-del-proyecto-eu-pv-trainer-en-radom-polonia\/"},"author":{"name":"FEH","@id":"https:\/\/fundacionequipohumano.es\/en\/#\/schema\/person\/9bc5b2014b12f596bf679aac5e4064b2"},"headline":"Asistimos al kick-off del proyecto EU-PV TRAINER en Radom (Polonia)","datePublished":"2016-11-28T12:23:26+00:00","dateModified":"2016-11-28T12:23:26+00:00","mainEntityOfPage":{"@id":"https:\/\/fundacionequipohumano.es\/en\/kick-off-del-proyecto-eu-pv-trainer-en-radom-polonia\/"},"wordCount":447,"commentCount":0,"publisher":{"@id":"https:\/\/fundacionequipohumano.es\/en\/#organization"},"image":{"@id":"https:\/\/fundacionequipohumano.es\/en\/kick-off-del-proyecto-eu-pv-trainer-en-radom-polonia\/#primaryimage"},"thumbnailUrl":"https:\/\/fundacionequipohumano.es\/wp-content\/uploads\/2016\/11\/7ab716354432ee12f19b58c60471093b.jpg","articleSection":["Sin categorizar"],"inLanguage":"es","potentialAction":[{"@type":"CommentAction","name":"Comment","target":["https:\/\/fundacionequipohumano.es\/en\/kick-off-del-proyecto-eu-pv-trainer-en-radom-polonia\/#respond"]}]},{"@type":"WebPage","@id":"https:\/\/fundacionequipohumano.es\/en\/kick-off-del-proyecto-eu-pv-trainer-en-radom-polonia\/","url":"https:\/\/fundacionequipohumano.es\/en\/kick-off-del-proyecto-eu-pv-trainer-en-radom-polonia\/","name":"Asistimos al kick-off del proyecto EU-PV TRAINER en Radom (Polonia) - Fundaci\u00f3n Equipo Humano","isPartOf":{"@id":"https:\/\/fundacionequipohumano.es\/en\/#website"},"primaryImageOfPage":{"@id":"https:\/\/fundacionequipohumano.es\/en\/kick-off-del-proyecto-eu-pv-trainer-en-radom-polonia\/#primaryimage"},"image":{"@id":"https:\/\/fundacionequipohumano.es\/en\/kick-off-del-proyecto-eu-pv-trainer-en-radom-polonia\/#primaryimage"},"thumbnailUrl":"https:\/\/fundacionequipohumano.es\/wp-content\/uploads\/2016\/11\/7ab716354432ee12f19b58c60471093b.jpg","datePublished":"2016-11-28T12:23:26+00:00","dateModified":"2016-11-28T12:23:26+00:00","breadcrumb":{"@id":"https:\/\/fundacionequipohumano.es\/en\/kick-off-del-proyecto-eu-pv-trainer-en-radom-polonia\/#breadcrumb"},"inLanguage":"es","potentialAction":[{"@type":"ReadAction","target":["https:\/\/fundacionequipohumano.es\/en\/kick-off-del-proyecto-eu-pv-trainer-en-radom-polonia\/"]}]},{"@type":"ImageObject","inLanguage":"es","@id":"https:\/\/fundacionequipohumano.es\/en\/kick-off-del-proyecto-eu-pv-trainer-en-radom-polonia\/#primaryimage","url":"https:\/\/fundacionequipohumano.es\/wp-content\/uploads\/2016\/11\/7ab716354432ee12f19b58c60471093b.jpg","contentUrl":"https:\/\/fundacionequipohumano.es\/wp-content\/uploads\/2016\/11\/7ab716354432ee12f19b58c60471093b.jpg","width":1177,"height":662},{"@type":"BreadcrumbList","@id":"https:\/\/fundacionequipohumano.es\/en\/kick-off-del-proyecto-eu-pv-trainer-en-radom-polonia\/#breadcrumb","itemListElement":[{"@type":"ListItem","position":1,"name":"Portada","item":"https:\/\/fundacionequipohumano.es\/"},{"@type":"ListItem","position":2,"name":"Asistimos al kick-off del proyecto EU-PV TRAINER en Radom (Polonia)"}]},{"@type":"WebSite","@id":"https:\/\/fundacionequipohumano.es\/en\/#website","url":"https:\/\/fundacionequipohumano.es\/en\/","name":"Fundaci\u00f3n Equipo Humano","description":"Impulsamos el desarrollo humano mediante innovaci\u00f3n, formaci\u00f3n de calidad y mejora de la empleabilidad. M\u00e1s de 10 a\u00f1os defendiendo el potencial de las personas.","publisher":{"@id":"https:\/\/fundacionequipohumano.es\/en\/#organization"},"potentialAction":[{"@type":"SearchAction","target":{"@type":"EntryPoint","urlTemplate":"https:\/\/fundacionequipohumano.es\/en\/?s={search_term_string}"},"query-input":"required name=search_term_string"}],"inLanguage":"es"},{"@type":"Organization","@id":"https:\/\/fundacionequipohumano.es\/en\/#organization","name":"Fundaci\u00f3n Equipo Humano","url":"https:\/\/fundacionequipohumano.es\/en\/","logo":{"@type":"ImageObject","inLanguage":"es","@id":"https:\/\/fundacionequipohumano.es\/en\/#\/schema\/logo\/image\/","url":"https:\/\/fundacionequipohumano.es\/wp-content\/uploads\/2020\/01\/FEH_logo-03-1.svg","contentUrl":"https:\/\/fundacionequipohumano.es\/wp-content\/uploads\/2020\/01\/FEH_logo-03-1.svg","width":595,"height":81,"caption":"Fundaci\u00f3n Equipo Humano"},"image":{"@id":"https:\/\/fundacionequipohumano.es\/en\/#\/schema\/logo\/image\/"},"sameAs":["https:\/\/www.facebook.com\/fundacionEH\/","https:\/\/twitter.com\/FEquipoHumano","https:\/\/www.instagram.com\/fequipohumano\/","https:\/\/www.linkedin.com\/company\/fundacion-equipo-humano\/"]},{"@type":"Person","@id":"https:\/\/fundacionequipohumano.es\/en\/#\/schema\/person\/9bc5b2014b12f596bf679aac5e4064b2","name":"FEH","image":{"@type":"ImageObject","inLanguage":"es","@id":"https:\/\/fundacionequipohumano.es\/en\/#\/schema\/person\/image\/","url":"https:\/\/secure.gravatar.com\/avatar\/cb06b967607e2b8af830751721ec1b32?s=96&d=mm&r=g","contentUrl":"https:\/\/secure.gravatar.com\/avatar\/cb06b967607e2b8af830751721ec1b32?s=96&d=mm&r=g","caption":"FEH"}}]}},"_links":{"self":[{"href":"https:\/\/fundacionequipohumano.es\/en\/wp-json\/wp\/v2\/posts\/13320"}],"collection":[{"href":"https:\/\/fundacionequipohumano.es\/en\/wp-json\/wp\/v2\/posts"}],"about":[{"href":"https:\/\/fundacionequipohumano.es\/en\/wp-json\/wp\/v2\/types\/post"}],"author":[{"embeddable":true,"href":"https:\/\/fundacionequipohumano.es\/en\/wp-json\/wp\/v2\/users\/18"}],"replies":[{"embeddable":true,"href":"https:\/\/fundacionequipohumano.es\/en\/wp-json\/wp\/v2\/comments?post=13320"}],"version-history":[{"count":0,"href":"https:\/\/fundacionequipohumano.es\/en\/wp-json\/wp\/v2\/posts\/13320\/revisions"}],"wp:featuredmedia":[{"embeddable":true,"href":"https:\/\/fundacionequipohumano.es\/en\/wp-json\/wp\/v2\/media\/13316"}],"wp:attachment":[{"href":"https:\/\/fundacionequipohumano.es\/en\/wp-json\/wp\/v2\/media?parent=13320"}],"wp:term":[{"taxonomy":"category","embeddable":true,"href":"https:\/\/fundacionequipohumano.es\/en\/wp-json\/wp\/v2\/categories?post=13320"},{"taxonomy":"post_tag","embeddable":true,"href":"https:\/\/fundacionequipohumano.es\/en\/wp-json\/wp\/v2\/tags?post=13320"}],"curies":[{"name":"wp","href":"https:\/\/api.w.org\/{rel}","templated":true}]}}