{"id":12584,"date":"2014-08-28T06:54:22","date_gmt":"2014-08-28T06:54:22","guid":{"rendered":"https:\/\/fundacionequipohumano.es\/2014\/08\/28\/convocatoria-asociaciones-estrategicas-el-el-campo-de-la-juventud\/"},"modified":"2014-08-28T06:54:22","modified_gmt":"2014-08-28T06:54:22","slug":"convocatoria-asociaciones-estrategicas-el-el-campo-de-la-juventud","status":"publish","type":"post","link":"https:\/\/fundacionequipohumano.es\/en\/convocatoria-asociaciones-estrategicas-el-el-campo-de-la-juventud\/","title":{"rendered":"Convocatoria: Asociaciones estrat\u00e9gicas en el campo de la Juventud"},"content":{"rendered":"<p><img decoding=\"async\" class=\"size-full wp-image-12582\" src=\"https:\/\/fundacionequipohumano.es\/wp-content\/uploads\/2014\/08\/d063d8b7c1471349d2847c26ce4e4d8c.jpg\" alt=\"\" width=\"235\" height=\"184\" \/><\/p>\n<p><strong>Acci\u00f3n clave 2. Cooperaci\u00f3n para la innovaci\u00f3n y las buenas pr\u00e1cticas<\/strong><\/p>\n<p><span style=\"color: #808080;\"><strong>Objetivos de Acci\u00f3n Clave 2<\/strong><\/span><\/p>\n<p><span style=\"font-size: 7pt; line-height: normal; font-family: 'Times New Roman';\">&nbsp;1..<\/span>Incrementar la capacidad y relevancia del aprendizaje en la educaci\u00f3n y la&nbsp; formaci\u00f3n.<\/p>\n<p>2.Proveer y asesorar en competencias clave: competencias b\u00e1sicas,competencias transversales, emprendimiento, lenguas,conocimiento digital, etc.<\/p>\n<p>3 Reforzar v\u00ednculos educaci\u00f3n\/formaci\u00f3n y el mundo laboral.<\/p>\n<p>4. Promocionar el desarrollo educativo innovador (aprendizajecolaborativo, pensamiento cr\u00edtico\u2026).<\/p>\n<p>5. Fomentar el desarrollo profesional del personal del mundoEducativo<\/p>\n<p>6. Promover el emprendimiento educativo para desarrollar una activa&nbsp;Ciudadan\u00eda, empleabilidad y creaci\u00f3n de nuevo tejido empresaria<\/p>\n<p><span style=\"color: #808080;\"><strong>Eligibilidad<\/strong><\/span><\/p>\n<p>Al menos 3 instituciones de 3 pa\u00edses del programa<\/p>\n<p>\u2022 Solicitante: cualquier instituci\u00f3n de un pa\u00eds del&nbsp;programa<\/p>\n<p>Pa\u00edses que pueden participar en un proyecto KA2:<\/p>\n<ul>\n<li>&nbsp;Pa\u00edses del programa (Programme countries)<\/li>\n<li>&nbsp;Pa\u00edses de la UE<\/li>\n<li>&nbsp;Islandia, Liechtenstein, Macedonia, Noruega, Suiza, Turqu\u00eda<\/li>\n<li>&nbsp;Pa\u00edses asociados (Partner countries)<\/li>\n<li>&nbsp;Cualquier otro pa\u00eds del mundo<\/li>\n<\/ul>\n<p>Condiciones para la participaci\u00f3n de pa\u00edses asociados:<\/p>\n<ul>\n<li>&nbsp;El proyecto debe ser solicitado por un pa\u00eds del programa<\/li>\n<li>&nbsp;Debe contar con socios de al menos tres pa\u00edses del programa<\/li>\n<li>La participaci\u00f3n de pa\u00edses asociados debe suponer un valor a\u00f1adido al proyecto<\/li>\n<li>Las movilidades de alumnos o personas en formaci\u00f3n a o desde pa\u00edses asociados&nbsp;no ser\u00e1n elegibles<\/li>\n<li>Las movilidades de larga duraci\u00f3n a o desde pa\u00edses asociados no ser\u00e1n elegibles&nbsp;<\/li>\n<\/ul>\n<p>Los grupos informales de j\u00f3venes tambi\u00e9n son elegibles para solicitar fondos para las iniciativas transnacionales de la juventud en la presente acci\u00f3n.&nbsp;<\/p>\n<p><span style=\"color: #808080;\"><strong>Financiaci\u00f3n<\/strong><\/span><\/p>\n<p>El presupuesto para el campo de la juventud en Erasmus programa Plus se estima en \u20ac174,2 millones de euros para el conjunto de los 7 a\u00f1os de duraci\u00f3n del programa.<\/p>\n<p>Las Alianzas estrat\u00e9gicas pueden recibir un m\u00e1ximo de \u20ac 150.000 en financiamiento por a\u00f1o.<\/p>\n<p>El reembolso se har\u00e1 sobre la base de los costes unitarios.&nbsp;<\/p>\n<p><span style=\"color: #808080;\"><strong>Calendario<\/strong><\/span><\/p>\n<p>Las solicitudes deben presentarse el 1 de octubre de 2014 para los proyectos iniciados entre el 1 de febrero y 30 de septiembre de 2015.<\/p>","protected":false},"excerpt":{"rendered":"<p>Acci\u00f3n clave 2. Cooperaci\u00f3n para la innovaci\u00f3n y las buenas pr\u00e1cticas Objetivos de Acci\u00f3n Clave 2 &nbsp;1..Incrementar la capacidad y relevancia del aprendizaje en la educaci\u00f3n y la&nbsp; formaci\u00f3n. 2.Proveer&hellip;<\/p>","protected":false},"author":18,"featured_media":12582,"comment_status":"open","ping_status":"open","sticky":false,"template":"","format":"standard","meta":{"footnotes":""},"categories":[1],"tags":[],"yoast_head":"<!-- This site is optimized with the Yoast SEO plugin v22.3 - https:\/\/yoast.com\/wordpress\/plugins\/seo\/ -->\n<title>Convocatoria: Asociaciones estrat\u00e9gicas en el campo de la Juventud - Fundaci\u00f3n Equipo Humano<\/title>\n<meta name=\"robots\" content=\"index, follow, max-snippet:-1, max-image-preview:large, max-video-preview:-1\" \/>\n<link rel=\"canonical\" href=\"https:\/\/fundacionequipohumano.es\/en\/convocatoria-asociaciones-estrategicas-el-el-campo-de-la-juventud\/\" \/>\n<meta property=\"og:locale\" content=\"es_ES\" \/>\n<meta property=\"og:type\" content=\"article\" \/>\n<meta property=\"og:title\" content=\"Convocatoria: Asociaciones estrat\u00e9gicas en el campo de la Juventud - Fundaci\u00f3n Equipo Humano\" \/>\n<meta property=\"og:description\" content=\"Acci\u00f3n clave 2. Cooperaci\u00f3n para la innovaci\u00f3n y las buenas pr\u00e1cticas Objetivos de Acci\u00f3n Clave 2 &nbsp;1..Incrementar la capacidad y relevancia del aprendizaje en la educaci\u00f3n y la&nbsp; formaci\u00f3n. 2.Proveer&hellip;\" \/>\n<meta property=\"og:url\" content=\"https:\/\/fundacionequipohumano.es\/en\/convocatoria-asociaciones-estrategicas-el-el-campo-de-la-juventud\/\" \/>\n<meta property=\"og:site_name\" content=\"Fundaci\u00f3n Equipo Humano\" \/>\n<meta property=\"article:publisher\" content=\"https:\/\/www.facebook.com\/fundacionEH\/\" \/>\n<meta property=\"article:published_time\" content=\"2014-08-28T06:54:22+00:00\" \/>\n<meta property=\"og:image\" content=\"https:\/\/fundacionequipohumano.es\/wp-content\/uploads\/2014\/08\/d063d8b7c1471349d2847c26ce4e4d8c.jpg\" \/>\n\t<meta property=\"og:image:width\" content=\"235\" \/>\n\t<meta property=\"og:image:height\" content=\"184\" \/>\n\t<meta property=\"og:image:type\" content=\"image\/jpeg\" \/>\n<meta name=\"author\" content=\"FEH\" \/>\n<meta name=\"twitter:card\" content=\"summary_large_image\" \/>\n<meta name=\"twitter:creator\" content=\"@FEquipoHumano\" \/>\n<meta name=\"twitter:site\" content=\"@FEquipoHumano\" \/>\n<meta name=\"twitter:label1\" content=\"Written by\" \/>\n\t<meta name=\"twitter:data1\" content=\"FEH\" \/>\n\t<meta name=\"twitter:label2\" content=\"Estimated reading time\" \/>\n\t<meta name=\"twitter:data2\" content=\"2 minutos\" \/>\n<script type=\"application\/ld+json\" class=\"yoast-schema-graph\">{\"@context\":\"https:\/\/schema.org\",\"@graph\":[{\"@type\":\"Article\",\"@id\":\"https:\/\/fundacionequipohumano.es\/en\/convocatoria-asociaciones-estrategicas-el-el-campo-de-la-juventud\/#article\",\"isPartOf\":{\"@id\":\"https:\/\/fundacionequipohumano.es\/en\/convocatoria-asociaciones-estrategicas-el-el-campo-de-la-juventud\/\"},\"author\":{\"name\":\"FEH\",\"@id\":\"https:\/\/fundacionequipohumano.es\/en\/#\/schema\/person\/9bc5b2014b12f596bf679aac5e4064b2\"},\"headline\":\"Convocatoria: Asociaciones estrat\u00e9gicas en el campo de la Juventud\",\"datePublished\":\"2014-08-28T06:54:22+00:00\",\"dateModified\":\"2014-08-28T06:54:22+00:00\",\"mainEntityOfPage\":{\"@id\":\"https:\/\/fundacionequipohumano.es\/en\/convocatoria-asociaciones-estrategicas-el-el-campo-de-la-juventud\/\"},\"wordCount\":364,\"commentCount\":0,\"publisher\":{\"@id\":\"https:\/\/fundacionequipohumano.es\/en\/#organization\"},\"image\":{\"@id\":\"https:\/\/fundacionequipohumano.es\/en\/convocatoria-asociaciones-estrategicas-el-el-campo-de-la-juventud\/#primaryimage\"},\"thumbnailUrl\":\"https:\/\/fundacionequipohumano.es\/wp-content\/uploads\/2014\/08\/d063d8b7c1471349d2847c26ce4e4d8c.jpg\",\"articleSection\":[\"Sin categorizar\"],\"inLanguage\":\"es\",\"potentialAction\":[{\"@type\":\"CommentAction\",\"name\":\"Comment\",\"target\":[\"https:\/\/fundacionequipohumano.es\/en\/convocatoria-asociaciones-estrategicas-el-el-campo-de-la-juventud\/#respond\"]}]},{\"@type\":\"WebPage\",\"@id\":\"https:\/\/fundacionequipohumano.es\/en\/convocatoria-asociaciones-estrategicas-el-el-campo-de-la-juventud\/\",\"url\":\"https:\/\/fundacionequipohumano.es\/en\/convocatoria-asociaciones-estrategicas-el-el-campo-de-la-juventud\/\",\"name\":\"Convocatoria: Asociaciones estrat\u00e9gicas en el campo de la Juventud - Fundaci\u00f3n Equipo Humano\",\"isPartOf\":{\"@id\":\"https:\/\/fundacionequipohumano.es\/en\/#website\"},\"primaryImageOfPage\":{\"@id\":\"https:\/\/fundacionequipohumano.es\/en\/convocatoria-asociaciones-estrategicas-el-el-campo-de-la-juventud\/#primaryimage\"},\"image\":{\"@id\":\"https:\/\/fundacionequipohumano.es\/en\/convocatoria-asociaciones-estrategicas-el-el-campo-de-la-juventud\/#primaryimage\"},\"thumbnailUrl\":\"https:\/\/fundacionequipohumano.es\/wp-content\/uploads\/2014\/08\/d063d8b7c1471349d2847c26ce4e4d8c.jpg\",\"datePublished\":\"2014-08-28T06:54:22+00:00\",\"dateModified\":\"2014-08-28T06:54:22+00:00\",\"breadcrumb\":{\"@id\":\"https:\/\/fundacionequipohumano.es\/en\/convocatoria-asociaciones-estrategicas-el-el-campo-de-la-juventud\/#breadcrumb\"},\"inLanguage\":\"es\",\"potentialAction\":[{\"@type\":\"ReadAction\",\"target\":[\"https:\/\/fundacionequipohumano.es\/en\/convocatoria-asociaciones-estrategicas-el-el-campo-de-la-juventud\/\"]}]},{\"@type\":\"ImageObject\",\"inLanguage\":\"es\",\"@id\":\"https:\/\/fundacionequipohumano.es\/en\/convocatoria-asociaciones-estrategicas-el-el-campo-de-la-juventud\/#primaryimage\",\"url\":\"https:\/\/fundacionequipohumano.es\/wp-content\/uploads\/2014\/08\/d063d8b7c1471349d2847c26ce4e4d8c.jpg\",\"contentUrl\":\"https:\/\/fundacionequipohumano.es\/wp-content\/uploads\/2014\/08\/d063d8b7c1471349d2847c26ce4e4d8c.jpg\",\"width\":235,\"height\":184},{\"@type\":\"BreadcrumbList\",\"@id\":\"https:\/\/fundacionequipohumano.es\/en\/convocatoria-asociaciones-estrategicas-el-el-campo-de-la-juventud\/#breadcrumb\",\"itemListElement\":[{\"@type\":\"ListItem\",\"position\":1,\"name\":\"Portada\",\"item\":\"https:\/\/fundacionequipohumano.es\/\"},{\"@type\":\"ListItem\",\"position\":2,\"name\":\"Convocatoria: Asociaciones estrat\u00e9gicas en el campo de la Juventud\"}]},{\"@type\":\"WebSite\",\"@id\":\"https:\/\/fundacionequipohumano.es\/en\/#website\",\"url\":\"https:\/\/fundacionequipohumano.es\/en\/\",\"name\":\"Fundaci\u00f3n Equipo Humano\",\"description\":\"Impulsamos el desarrollo humano mediante innovaci\u00f3n, formaci\u00f3n de calidad y mejora de la empleabilidad. M\u00e1s de 10 a\u00f1os defendiendo el potencial de las personas.\",\"publisher\":{\"@id\":\"https:\/\/fundacionequipohumano.es\/en\/#organization\"},\"potentialAction\":[{\"@type\":\"SearchAction\",\"target\":{\"@type\":\"EntryPoint\",\"urlTemplate\":\"https:\/\/fundacionequipohumano.es\/en\/?s={search_term_string}\"},\"query-input\":\"required name=search_term_string\"}],\"inLanguage\":\"es\"},{\"@type\":\"Organization\",\"@id\":\"https:\/\/fundacionequipohumano.es\/en\/#organization\",\"name\":\"Fundaci\u00f3n Equipo Humano\",\"url\":\"https:\/\/fundacionequipohumano.es\/en\/\",\"logo\":{\"@type\":\"ImageObject\",\"inLanguage\":\"es\",\"@id\":\"https:\/\/fundacionequipohumano.es\/en\/#\/schema\/logo\/image\/\",\"url\":\"https:\/\/fundacionequipohumano.es\/wp-content\/uploads\/2020\/01\/FEH_logo-03-1.svg\",\"contentUrl\":\"https:\/\/fundacionequipohumano.es\/wp-content\/uploads\/2020\/01\/FEH_logo-03-1.svg\",\"width\":595,\"height\":81,\"caption\":\"Fundaci\u00f3n Equipo Humano\"},\"image\":{\"@id\":\"https:\/\/fundacionequipohumano.es\/en\/#\/schema\/logo\/image\/\"},\"sameAs\":[\"https:\/\/www.facebook.com\/fundacionEH\/\",\"https:\/\/twitter.com\/FEquipoHumano\",\"https:\/\/www.instagram.com\/fequipohumano\/\",\"https:\/\/www.linkedin.com\/company\/fundacion-equipo-humano\/\"]},{\"@type\":\"Person\",\"@id\":\"https:\/\/fundacionequipohumano.es\/en\/#\/schema\/person\/9bc5b2014b12f596bf679aac5e4064b2\",\"name\":\"FEH\",\"image\":{\"@type\":\"ImageObject\",\"inLanguage\":\"es\",\"@id\":\"https:\/\/fundacionequipohumano.es\/en\/#\/schema\/person\/image\/\",\"url\":\"https:\/\/secure.gravatar.com\/avatar\/cb06b967607e2b8af830751721ec1b32?s=96&d=mm&r=g\",\"contentUrl\":\"https:\/\/secure.gravatar.com\/avatar\/cb06b967607e2b8af830751721ec1b32?s=96&d=mm&r=g\",\"caption\":\"FEH\"}}]}<\/script>\n<!-- \/ Yoast SEO plugin. -->","yoast_head_json":{"title":"Convocatoria: Asociaciones estrat\u00e9gicas en el campo de la Juventud - Fundaci\u00f3n Equipo Humano","robots":{"index":"index","follow":"follow","max-snippet":"max-snippet:-1","max-image-preview":"max-image-preview:large","max-video-preview":"max-video-preview:-1"},"canonical":"https:\/\/fundacionequipohumano.es\/en\/convocatoria-asociaciones-estrategicas-el-el-campo-de-la-juventud\/","og_locale":"es_ES","og_type":"article","og_title":"Convocatoria: Asociaciones estrat\u00e9gicas en el campo de la Juventud - Fundaci\u00f3n Equipo Humano","og_description":"Acci\u00f3n clave 2. Cooperaci\u00f3n para la innovaci\u00f3n y las buenas pr\u00e1cticas Objetivos de Acci\u00f3n Clave 2 &nbsp;1..Incrementar la capacidad y relevancia del aprendizaje en la educaci\u00f3n y la&nbsp; formaci\u00f3n. 2.Proveer&hellip;","og_url":"https:\/\/fundacionequipohumano.es\/en\/convocatoria-asociaciones-estrategicas-el-el-campo-de-la-juventud\/","og_site_name":"Fundaci\u00f3n Equipo Humano","article_publisher":"https:\/\/www.facebook.com\/fundacionEH\/","article_published_time":"2014-08-28T06:54:22+00:00","og_image":[{"width":235,"height":184,"url":"https:\/\/fundacionequipohumano.es\/wp-content\/uploads\/2014\/08\/d063d8b7c1471349d2847c26ce4e4d8c.jpg","type":"image\/jpeg"}],"author":"FEH","twitter_card":"summary_large_image","twitter_creator":"@FEquipoHumano","twitter_site":"@FEquipoHumano","twitter_misc":{"Written by":"FEH","Estimated reading time":"2 minutos"},"schema":{"@context":"https:\/\/schema.org","@graph":[{"@type":"Article","@id":"https:\/\/fundacionequipohumano.es\/en\/convocatoria-asociaciones-estrategicas-el-el-campo-de-la-juventud\/#article","isPartOf":{"@id":"https:\/\/fundacionequipohumano.es\/en\/convocatoria-asociaciones-estrategicas-el-el-campo-de-la-juventud\/"},"author":{"name":"FEH","@id":"https:\/\/fundacionequipohumano.es\/en\/#\/schema\/person\/9bc5b2014b12f596bf679aac5e4064b2"},"headline":"Convocatoria: Asociaciones estrat\u00e9gicas en el campo de la Juventud","datePublished":"2014-08-28T06:54:22+00:00","dateModified":"2014-08-28T06:54:22+00:00","mainEntityOfPage":{"@id":"https:\/\/fundacionequipohumano.es\/en\/convocatoria-asociaciones-estrategicas-el-el-campo-de-la-juventud\/"},"wordCount":364,"commentCount":0,"publisher":{"@id":"https:\/\/fundacionequipohumano.es\/en\/#organization"},"image":{"@id":"https:\/\/fundacionequipohumano.es\/en\/convocatoria-asociaciones-estrategicas-el-el-campo-de-la-juventud\/#primaryimage"},"thumbnailUrl":"https:\/\/fundacionequipohumano.es\/wp-content\/uploads\/2014\/08\/d063d8b7c1471349d2847c26ce4e4d8c.jpg","articleSection":["Sin categorizar"],"inLanguage":"es","potentialAction":[{"@type":"CommentAction","name":"Comment","target":["https:\/\/fundacionequipohumano.es\/en\/convocatoria-asociaciones-estrategicas-el-el-campo-de-la-juventud\/#respond"]}]},{"@type":"WebPage","@id":"https:\/\/fundacionequipohumano.es\/en\/convocatoria-asociaciones-estrategicas-el-el-campo-de-la-juventud\/","url":"https:\/\/fundacionequipohumano.es\/en\/convocatoria-asociaciones-estrategicas-el-el-campo-de-la-juventud\/","name":"Convocatoria: Asociaciones estrat\u00e9gicas en el campo de la Juventud - Fundaci\u00f3n Equipo Humano","isPartOf":{"@id":"https:\/\/fundacionequipohumano.es\/en\/#website"},"primaryImageOfPage":{"@id":"https:\/\/fundacionequipohumano.es\/en\/convocatoria-asociaciones-estrategicas-el-el-campo-de-la-juventud\/#primaryimage"},"image":{"@id":"https:\/\/fundacionequipohumano.es\/en\/convocatoria-asociaciones-estrategicas-el-el-campo-de-la-juventud\/#primaryimage"},"thumbnailUrl":"https:\/\/fundacionequipohumano.es\/wp-content\/uploads\/2014\/08\/d063d8b7c1471349d2847c26ce4e4d8c.jpg","datePublished":"2014-08-28T06:54:22+00:00","dateModified":"2014-08-28T06:54:22+00:00","breadcrumb":{"@id":"https:\/\/fundacionequipohumano.es\/en\/convocatoria-asociaciones-estrategicas-el-el-campo-de-la-juventud\/#breadcrumb"},"inLanguage":"es","potentialAction":[{"@type":"ReadAction","target":["https:\/\/fundacionequipohumano.es\/en\/convocatoria-asociaciones-estrategicas-el-el-campo-de-la-juventud\/"]}]},{"@type":"ImageObject","inLanguage":"es","@id":"https:\/\/fundacionequipohumano.es\/en\/convocatoria-asociaciones-estrategicas-el-el-campo-de-la-juventud\/#primaryimage","url":"https:\/\/fundacionequipohumano.es\/wp-content\/uploads\/2014\/08\/d063d8b7c1471349d2847c26ce4e4d8c.jpg","contentUrl":"https:\/\/fundacionequipohumano.es\/wp-content\/uploads\/2014\/08\/d063d8b7c1471349d2847c26ce4e4d8c.jpg","width":235,"height":184},{"@type":"BreadcrumbList","@id":"https:\/\/fundacionequipohumano.es\/en\/convocatoria-asociaciones-estrategicas-el-el-campo-de-la-juventud\/#breadcrumb","itemListElement":[{"@type":"ListItem","position":1,"name":"Portada","item":"https:\/\/fundacionequipohumano.es\/"},{"@type":"ListItem","position":2,"name":"Convocatoria: Asociaciones estrat\u00e9gicas en el campo de la Juventud"}]},{"@type":"WebSite","@id":"https:\/\/fundacionequipohumano.es\/en\/#website","url":"https:\/\/fundacionequipohumano.es\/en\/","name":"Fundaci\u00f3n Equipo Humano","description":"Impulsamos el desarrollo humano mediante innovaci\u00f3n, formaci\u00f3n de calidad y mejora de la empleabilidad. M\u00e1s de 10 a\u00f1os defendiendo el potencial de las personas.","publisher":{"@id":"https:\/\/fundacionequipohumano.es\/en\/#organization"},"potentialAction":[{"@type":"SearchAction","target":{"@type":"EntryPoint","urlTemplate":"https:\/\/fundacionequipohumano.es\/en\/?s={search_term_string}"},"query-input":"required name=search_term_string"}],"inLanguage":"es"},{"@type":"Organization","@id":"https:\/\/fundacionequipohumano.es\/en\/#organization","name":"Fundaci\u00f3n Equipo Humano","url":"https:\/\/fundacionequipohumano.es\/en\/","logo":{"@type":"ImageObject","inLanguage":"es","@id":"https:\/\/fundacionequipohumano.es\/en\/#\/schema\/logo\/image\/","url":"https:\/\/fundacionequipohumano.es\/wp-content\/uploads\/2020\/01\/FEH_logo-03-1.svg","contentUrl":"https:\/\/fundacionequipohumano.es\/wp-content\/uploads\/2020\/01\/FEH_logo-03-1.svg","width":595,"height":81,"caption":"Fundaci\u00f3n Equipo Humano"},"image":{"@id":"https:\/\/fundacionequipohumano.es\/en\/#\/schema\/logo\/image\/"},"sameAs":["https:\/\/www.facebook.com\/fundacionEH\/","https:\/\/twitter.com\/FEquipoHumano","https:\/\/www.instagram.com\/fequipohumano\/","https:\/\/www.linkedin.com\/company\/fundacion-equipo-humano\/"]},{"@type":"Person","@id":"https:\/\/fundacionequipohumano.es\/en\/#\/schema\/person\/9bc5b2014b12f596bf679aac5e4064b2","name":"FEH","image":{"@type":"ImageObject","inLanguage":"es","@id":"https:\/\/fundacionequipohumano.es\/en\/#\/schema\/person\/image\/","url":"https:\/\/secure.gravatar.com\/avatar\/cb06b967607e2b8af830751721ec1b32?s=96&d=mm&r=g","contentUrl":"https:\/\/secure.gravatar.com\/avatar\/cb06b967607e2b8af830751721ec1b32?s=96&d=mm&r=g","caption":"FEH"}}]}},"_links":{"self":[{"href":"https:\/\/fundacionequipohumano.es\/en\/wp-json\/wp\/v2\/posts\/12584"}],"collection":[{"href":"https:\/\/fundacionequipohumano.es\/en\/wp-json\/wp\/v2\/posts"}],"about":[{"href":"https:\/\/fundacionequipohumano.es\/en\/wp-json\/wp\/v2\/types\/post"}],"author":[{"embeddable":true,"href":"https:\/\/fundacionequipohumano.es\/en\/wp-json\/wp\/v2\/users\/18"}],"replies":[{"embeddable":true,"href":"https:\/\/fundacionequipohumano.es\/en\/wp-json\/wp\/v2\/comments?post=12584"}],"version-history":[{"count":0,"href":"https:\/\/fundacionequipohumano.es\/en\/wp-json\/wp\/v2\/posts\/12584\/revisions"}],"wp:featuredmedia":[{"embeddable":true,"href":"https:\/\/fundacionequipohumano.es\/en\/wp-json\/wp\/v2\/media\/12582"}],"wp:attachment":[{"href":"https:\/\/fundacionequipohumano.es\/en\/wp-json\/wp\/v2\/media?parent=12584"}],"wp:term":[{"taxonomy":"category","embeddable":true,"href":"https:\/\/fundacionequipohumano.es\/en\/wp-json\/wp\/v2\/categories?post=12584"},{"taxonomy":"post_tag","embeddable":true,"href":"https:\/\/fundacionequipohumano.es\/en\/wp-json\/wp\/v2\/tags?post=12584"}],"curies":[{"name":"wp","href":"https:\/\/api.w.org\/{rel}","templated":true}]}}