{"id":12557,"date":"2014-07-16T06:17:41","date_gmt":"2014-07-16T06:17:41","guid":{"rendered":"https:\/\/fundacionequipohumano.es\/2014\/07\/16\/entrepreneurship-education-pan-european-entrepreneurial-learning-initiative\/"},"modified":"2014-07-16T06:17:41","modified_gmt":"2014-07-16T06:17:41","slug":"entrepreneurship-education-pan-european-entrepreneurial-learning-initiative","status":"publish","type":"post","link":"https:\/\/fundacionequipohumano.es\/en\/entrepreneurship-education-pan-european-entrepreneurial-learning-initiative\/","title":{"rendered":"Call for Proposals: Entrepreneurship Education  (Pan-European Entrepreneurial Learning Initiative)"},"content":{"rendered":"<p><img fetchpriority=\"high\" decoding=\"async\" class=\"size-full wp-image-12555\" src=\"https:\/\/fundacionequipohumano.es\/wp-content\/uploads\/2014\/07\/f60a47f7792630a3a86bc14c0657e89c.jpg\" alt=\"\" width=\"324\" height=\"220\" \/><\/p>\n<h4><em><span style=\"font-size: 10pt;\"><strong><span style=\"color: #808080; font-family: arial, helvetica, sans-serif;\">REF: WP 2014- 4- 06<\/span><\/strong><\/span><\/em><\/h4>\n<h4><strong><span style=\"color: #808080; font-size: 12pt; font-family: arial, helvetica, sans-serif;\">Main Objectives&nbsp;<\/span><\/strong><\/h4>\n<p>The objective of this call for proposals is to develop a pan-European entrepreneurial learning initiative bringing together existing European and national expertise, in line with proposals included in the Entrepreneurship 2020 Action Plan. This action encourages and supports networking of policy makers and experts across Europe with a strong interest in the development of entrepreneurship education and in deepening of cooperation at EU level in this area. This call follows actions financed under the Competitiveness and Innovation Programme <br \/>(CIP) in 2012 and 2013. In 2012 a call for proposals was published, and currently 7 European projects are being supported. Targets of the projects financed include the creation of on-line platforms for educators and thedefinition of tools for the assessment of entrepreneurial skills. Moreover, a new study on the impact of entrepreneurship education strategies and measures was initiated. The awarded proposal under this call will also build on the results of those activities. The ambition is that of supporting a network and a virtual hub on entrepreneurial learning, whose members will act as promoters of entrepreneurship education at European level, helping to increase the exchange ofinformation and good practice and to improve the coherence of, and synergies between themany initiatives taken at national and also regional level. In view of maximising the outreach effect, this new hub for entrepreneurial learning should be made compatible with existing IT tools on related topics at European level.<\/p>\n<p><em>&nbsp;Deliverables expected:&nbsp;<\/em><\/p>\n<ul>\n<li>\u0001 creation of a network;<\/li>\n<li>\u0001 creation of an on-line tool;<\/li>\n<li>\u0001 organisation of workshops and peer-learning activities;<\/li>\n<li>\u0001 creation and testing of a model of a pan-European centre for entrepreneurial<\/li>\n<li>learning;<\/li>\n<\/ul>\n<p>*A network of committed individualsof demonstrable policy makers and experts in the field, who have the ambition to drive, stimulate and coordinate the development of entrepreneurial learning across Europe, is to be created. Members of the network will have a strong interest in entrepreneurial learning, and a good knowledge of the policy development dimension. The members of the network will already have committed themselves to being part of the project when the application to this call is submitted, either as they are working in one of the applying organisations or(if they do not belong to those organisations) via a previous letter of intent that will be attached to the proposal<\/p>\n<h4><span style=\"font-family: arial, helvetica, sans-serif;\"><strong><span style=\"font-size: 12pt; color: #808080;\">Eligibility&nbsp;<\/span><\/strong><\/span><\/h4>\n<p>Applicant organisations must be established: in EU Member Statesor in countries participating in the COSME programme under Article 6 of the COSME Regulation (EFTA\/EEA) <br \/>Applicant organisations must be legal entities. They can be fully or partly public or private <br \/>bodies.<\/p>\n<p><span style=\"color: #000000;\"><strong>Eligible applicants are:<\/strong> <\/span><br \/>1)National or regional authorities (i.e. governmentsor agencies acting on behalf of the government) acting in a consortium. <br \/>2)Trans-national organisations whose mission is the promotion and development of <br \/>entrepreneurial learning. <br \/>3)Other types of organisations not included in the definition given under numbers 1) and 2) above can also participate in this call as partnersin a consortium, but they cannot be the leading applicant (coordinator of the consortium). Such organisations must meet the <br \/>following definition: any public or private entity whose core activity is in the field of entrepreneurship education. Such entities may include:&nbsp;<\/p>\n<p>&#8211; public administrations at all levels<\/p>\n<p>-local authorities<\/p>\n<p>-educational institutions (primary and secondary schools, vocational schools, universities, etc.)<\/p>\n<p>&#8211; NGOs, associations and foundations active in related fields; &#8211; education and training providers (public and private); -chambers of commerce and industry and similar bodies; business associations and business support networks.<\/p>\n<p>In order to guarantee the Transnational dimension <strong>this call for proposal require a minimum of seven countries among those eligible to participate.<\/strong><\/p>\n<h4><span style=\"color: #808080; font-family: arial, helvetica, sans-serif; font-size: 12pt;\"><strong>Project Scedule&nbsp;<\/strong><\/span><\/h4>\n<p><strong>Deadline:<\/strong> the 20th of August 2014(12 pm Brussels time)<\/p>\n<p><strong>Duration of the project:<\/strong> three years are proposed in order to provide sufficient time to establish a network for entrepreneurship education that is recognised at European level and in the Member States.<\/p>\n<p><strong>Publication of the Call:&nbsp;<\/strong>11\/06\/2014<\/p>\n<table border=\"1\" cellspacing=\"0\" cellpadding=\"0\" align=\"left\" style=\"width: 671px; border-collapse: collapse; border: none; margin-left: 4.8pt; margin-right: 4.8pt; height: 337px;\">\n<tbody>\n<tr>\n<td width=\"50%\">\n<p align=\"center\"><strong><span style=\"font-family: arial, helvetica, sans-serif; font-size: 10pt;\">Phases<\/span><\/strong><\/p>\n<\/td>\n<td width=\"50%\">\n<p align=\"center\">&nbsp;<strong><span style=\"font-family: arial, helvetica, sans-serif; font-size: 10pt;\">Approximate project schedule<\/span><\/strong><\/p>\n<\/td>\n<\/tr>\n<tr>\n<td width=\"50%\">\n<p align=\"center\"><span style=\"font-family: arial, helvetica, sans-serif; font-size: 10pt;\">Deadline for submission<\/span><span style=\"font-family: arial, helvetica, sans-serif; font-size: 10pt;\">&nbsp;<\/span><\/p>\n<\/td>\n<td width=\"50%\" style=\"text-align: center;\">\n<p align=\"center\"><span style=\"font-family: arial, helvetica, sans-serif; font-size: 10pt;\">20\/08\/2014 (12 pm Brussels time)<\/span><\/p>\n<\/td>\n<\/tr>\n<tr>\n<td width=\"50%\">\n<p align=\"center\"><span style=\"font-family: arial, helvetica, sans-serif; font-size: 10pt;\">Evaluation Period<\/span><span style=\"font-family: arial, helvetica, sans-serif; font-size: 10pt;\">&nbsp;<\/span><\/p>\n<\/td>\n<td width=\"50%\" style=\"text-align: center;\">\n<p align=\"center\"><span style=\"font-family: arial, helvetica, sans-serif; font-size: 10pt;\">15\/09\/2014-15\/10\/2014<\/span><\/p>\n<\/td>\n<\/tr>\n<tr>\n<td width=\"50%\">\n<p align=\"center\"><span style=\"font-family: arial, helvetica, sans-serif; font-size: 10pt;\">Information to&nbsp;<\/span><span style=\"font-family: arial, helvetica, sans-serif; font-size: 10pt;\">the applicants<\/span><span style=\"font-family: arial, helvetica, sans-serif; font-size: 10pt;\">&nbsp;<\/span><\/p>\n<\/td>\n<td width=\"50%\" style=\"text-align: center;\">\n<p align=\"center\"><span style=\"font-family: arial, helvetica, sans-serif; font-size: 10pt;\">October\/November 2014<\/span><\/p>\n<\/td>\n<\/tr>\n<tr>\n<td width=\"50%\" style=\"text-align: center;\">\n<p align=\"center\"><span style=\"font-family: arial, helvetica, sans-serif; font-size: 10pt;\">Signature of the Grant Agreement or notification of the decision<\/span><\/p>\n<\/td>\n<td width=\"50%\" style=\"text-align: center;\">\n<p align=\"center\">&nbsp;<span style=\"font-family: arial, helvetica, sans-serif; font-size: 10pt;\">&nbsp;<\/span><span style=\"font-family: arial, helvetica, sans-serif; font-size: 10pt;\">December 2014 &nbsp;<\/span><span style=\"font-family: arial, helvetica, sans-serif; font-size: 10pt;\">&nbsp;<\/span><\/p>\n<\/td>\n<\/tr>\n<tr>\n<td width=\"50%\" style=\"text-align: center;\">\n<p align=\"center\"><span style=\"font-family: arial, helvetica, sans-serif; font-size: 10pt;\">Starting date of the action \/ work programme<\/span><\/p>\n<\/td>\n<td width=\"50%\" style=\"text-align: center;\">\n<p align=\"center\">&nbsp;<span style=\"font-family: arial, helvetica, sans-serif; font-size: 10pt;\">January 2015<\/span><span style=\"line-height: 1.3em;\">&nbsp;<\/span><span style=\"font-family: arial, helvetica, sans-serif; font-size: 10pt;\">&nbsp;<\/span><\/p>\n<\/td>\n<\/tr>\n<\/tbody>\n<\/table>\n<p>&nbsp;<\/p>\n<p>&nbsp; &nbsp; &nbsp; &nbsp; &nbsp; &nbsp; &nbsp; &nbsp; &nbsp; &nbsp; &nbsp; &nbsp; &nbsp; &nbsp; &nbsp; &nbsp; &nbsp; &nbsp;&nbsp;<\/p>\n<p><\/p>\n<p>&nbsp;<\/p>\n<p>&nbsp;<\/p>\n<\/p>\n<p>&nbsp;<\/p>\n<p>&nbsp;<\/p>\n<p>&nbsp;<\/p>\n<p>&nbsp;<\/p>\n<p>&nbsp;<\/p>\n<p>&nbsp;<strong><span style=\"font-family: arial, helvetica, sans-serif; font-size: 12pt; color: #808080;\">Financing&nbsp;<\/span><\/strong><\/p>\n<p><strong><span>The budget authority has fixed the amount allocated to the present Call for Proposals for 2014 at \u20ac 7 250 000.<\/span><\/strong><\/p>\n<p><span>Co-financing rate<\/span><span style=\"font-family: Calibri, sans-serif;\">:<\/span><\/p>\n<p><span>Up to&nbsp; 90 % of the total grant requested<\/span><\/p>\n<p><span>The grants shall be covered by a written grant agreement and <strong>the requested Union funding per project must not be less than EUR 108.000.<\/strong><\/span><\/p>\n<p><span style=\"font-family: arial, helvetica, sans-serif; font-size: 12pt; color: #808080;\"><strong>Additional Information&nbsp;<\/strong><\/span><\/p>\n<p>Direct link to the Call for Proposal:<\/p>\n<p><a href=\"http:\/\/ec.europa.eu\/social\/main.jsp?langId=en&amp;catId=630&amp;callId=242&amp;furtherCalls=yes\">http:\/\/ec.europa.eu\/social\/main.jsp?langId=en&amp;catId=630&amp;callId=242&amp;furtherCalls=yes<\/a><\/p>","protected":false},"excerpt":{"rendered":"<p>REF: WP 2014- 4- 06 Main Objectives&nbsp; The objective of this call for proposals is to develop a pan-European entrepreneurial learning initiative bringing together existing European and national expertise, in&hellip;<\/p>","protected":false},"author":18,"featured_media":12555,"comment_status":"open","ping_status":"open","sticky":false,"template":"","format":"standard","meta":{"footnotes":""},"categories":[1],"tags":[],"yoast_head":"<!-- This site is optimized with the Yoast SEO plugin v22.3 - https:\/\/yoast.com\/wordpress\/plugins\/seo\/ -->\n<title>Call for Proposals: Entrepreneurship Education (Pan-European Entrepreneurial Learning Initiative) - Fundaci\u00f3n Equipo Humano<\/title>\n<meta name=\"robots\" content=\"index, follow, max-snippet:-1, max-image-preview:large, max-video-preview:-1\" \/>\n<link rel=\"canonical\" href=\"https:\/\/fundacionequipohumano.es\/en\/entrepreneurship-education-pan-european-entrepreneurial-learning-initiative\/\" \/>\n<meta property=\"og:locale\" content=\"es_ES\" \/>\n<meta property=\"og:type\" content=\"article\" \/>\n<meta property=\"og:title\" content=\"Call for Proposals: Entrepreneurship Education (Pan-European Entrepreneurial Learning Initiative) - Fundaci\u00f3n Equipo Humano\" \/>\n<meta property=\"og:description\" content=\"REF: WP 2014- 4- 06 Main Objectives&nbsp; The objective of this call for proposals is to develop a pan-European entrepreneurial learning initiative bringing together existing European and national expertise, in&hellip;\" \/>\n<meta property=\"og:url\" content=\"https:\/\/fundacionequipohumano.es\/en\/entrepreneurship-education-pan-european-entrepreneurial-learning-initiative\/\" \/>\n<meta property=\"og:site_name\" content=\"Fundaci\u00f3n Equipo Humano\" \/>\n<meta property=\"article:publisher\" content=\"https:\/\/www.facebook.com\/fundacionEH\/\" \/>\n<meta property=\"article:published_time\" content=\"2014-07-16T06:17:41+00:00\" \/>\n<meta property=\"og:image\" content=\"https:\/\/fundacionequipohumano.es\/wp-content\/uploads\/2014\/07\/f60a47f7792630a3a86bc14c0657e89c.jpg\" \/>\n\t<meta property=\"og:image:width\" content=\"324\" \/>\n\t<meta property=\"og:image:height\" content=\"220\" \/>\n\t<meta property=\"og:image:type\" content=\"image\/jpeg\" \/>\n<meta name=\"author\" content=\"FEH\" \/>\n<meta name=\"twitter:card\" content=\"summary_large_image\" \/>\n<meta name=\"twitter:creator\" content=\"@FEquipoHumano\" \/>\n<meta name=\"twitter:site\" content=\"@FEquipoHumano\" \/>\n<meta name=\"twitter:label1\" content=\"Written by\" \/>\n\t<meta name=\"twitter:data1\" content=\"FEH\" \/>\n\t<meta name=\"twitter:label2\" content=\"Estimated reading time\" \/>\n\t<meta name=\"twitter:data2\" content=\"4 minutos\" \/>\n<script type=\"application\/ld+json\" class=\"yoast-schema-graph\">{\"@context\":\"https:\/\/schema.org\",\"@graph\":[{\"@type\":\"Article\",\"@id\":\"https:\/\/fundacionequipohumano.es\/en\/entrepreneurship-education-pan-european-entrepreneurial-learning-initiative\/#article\",\"isPartOf\":{\"@id\":\"https:\/\/fundacionequipohumano.es\/en\/entrepreneurship-education-pan-european-entrepreneurial-learning-initiative\/\"},\"author\":{\"name\":\"FEH\",\"@id\":\"https:\/\/fundacionequipohumano.es\/en\/#\/schema\/person\/9bc5b2014b12f596bf679aac5e4064b2\"},\"headline\":\"Call for Proposals: Entrepreneurship Education (Pan-European Entrepreneurial Learning Initiative)\",\"datePublished\":\"2014-07-16T06:17:41+00:00\",\"dateModified\":\"2014-07-16T06:17:41+00:00\",\"mainEntityOfPage\":{\"@id\":\"https:\/\/fundacionequipohumano.es\/en\/entrepreneurship-education-pan-european-entrepreneurial-learning-initiative\/\"},\"wordCount\":798,\"commentCount\":0,\"publisher\":{\"@id\":\"https:\/\/fundacionequipohumano.es\/en\/#organization\"},\"image\":{\"@id\":\"https:\/\/fundacionequipohumano.es\/en\/entrepreneurship-education-pan-european-entrepreneurial-learning-initiative\/#primaryimage\"},\"thumbnailUrl\":\"https:\/\/fundacionequipohumano.es\/wp-content\/uploads\/2014\/07\/f60a47f7792630a3a86bc14c0657e89c.jpg\",\"articleSection\":[\"Sin categorizar\"],\"inLanguage\":\"es\",\"potentialAction\":[{\"@type\":\"CommentAction\",\"name\":\"Comment\",\"target\":[\"https:\/\/fundacionequipohumano.es\/en\/entrepreneurship-education-pan-european-entrepreneurial-learning-initiative\/#respond\"]}]},{\"@type\":\"WebPage\",\"@id\":\"https:\/\/fundacionequipohumano.es\/en\/entrepreneurship-education-pan-european-entrepreneurial-learning-initiative\/\",\"url\":\"https:\/\/fundacionequipohumano.es\/en\/entrepreneurship-education-pan-european-entrepreneurial-learning-initiative\/\",\"name\":\"Call for Proposals: Entrepreneurship Education (Pan-European Entrepreneurial Learning Initiative) - Fundaci\u00f3n Equipo Humano\",\"isPartOf\":{\"@id\":\"https:\/\/fundacionequipohumano.es\/en\/#website\"},\"primaryImageOfPage\":{\"@id\":\"https:\/\/fundacionequipohumano.es\/en\/entrepreneurship-education-pan-european-entrepreneurial-learning-initiative\/#primaryimage\"},\"image\":{\"@id\":\"https:\/\/fundacionequipohumano.es\/en\/entrepreneurship-education-pan-european-entrepreneurial-learning-initiative\/#primaryimage\"},\"thumbnailUrl\":\"https:\/\/fundacionequipohumano.es\/wp-content\/uploads\/2014\/07\/f60a47f7792630a3a86bc14c0657e89c.jpg\",\"datePublished\":\"2014-07-16T06:17:41+00:00\",\"dateModified\":\"2014-07-16T06:17:41+00:00\",\"breadcrumb\":{\"@id\":\"https:\/\/fundacionequipohumano.es\/en\/entrepreneurship-education-pan-european-entrepreneurial-learning-initiative\/#breadcrumb\"},\"inLanguage\":\"es\",\"potentialAction\":[{\"@type\":\"ReadAction\",\"target\":[\"https:\/\/fundacionequipohumano.es\/en\/entrepreneurship-education-pan-european-entrepreneurial-learning-initiative\/\"]}]},{\"@type\":\"ImageObject\",\"inLanguage\":\"es\",\"@id\":\"https:\/\/fundacionequipohumano.es\/en\/entrepreneurship-education-pan-european-entrepreneurial-learning-initiative\/#primaryimage\",\"url\":\"https:\/\/fundacionequipohumano.es\/wp-content\/uploads\/2014\/07\/f60a47f7792630a3a86bc14c0657e89c.jpg\",\"contentUrl\":\"https:\/\/fundacionequipohumano.es\/wp-content\/uploads\/2014\/07\/f60a47f7792630a3a86bc14c0657e89c.jpg\",\"width\":324,\"height\":220},{\"@type\":\"BreadcrumbList\",\"@id\":\"https:\/\/fundacionequipohumano.es\/en\/entrepreneurship-education-pan-european-entrepreneurial-learning-initiative\/#breadcrumb\",\"itemListElement\":[{\"@type\":\"ListItem\",\"position\":1,\"name\":\"Portada\",\"item\":\"https:\/\/fundacionequipohumano.es\/\"},{\"@type\":\"ListItem\",\"position\":2,\"name\":\"Call for Proposals: Entrepreneurship Education (Pan-European Entrepreneurial Learning Initiative)\"}]},{\"@type\":\"WebSite\",\"@id\":\"https:\/\/fundacionequipohumano.es\/en\/#website\",\"url\":\"https:\/\/fundacionequipohumano.es\/en\/\",\"name\":\"Fundaci\u00f3n Equipo Humano\",\"description\":\"Impulsamos el desarrollo humano mediante innovaci\u00f3n, formaci\u00f3n de calidad y mejora de la empleabilidad. M\u00e1s de 10 a\u00f1os defendiendo el potencial de las personas.\",\"publisher\":{\"@id\":\"https:\/\/fundacionequipohumano.es\/en\/#organization\"},\"potentialAction\":[{\"@type\":\"SearchAction\",\"target\":{\"@type\":\"EntryPoint\",\"urlTemplate\":\"https:\/\/fundacionequipohumano.es\/en\/?s={search_term_string}\"},\"query-input\":\"required name=search_term_string\"}],\"inLanguage\":\"es\"},{\"@type\":\"Organization\",\"@id\":\"https:\/\/fundacionequipohumano.es\/en\/#organization\",\"name\":\"Fundaci\u00f3n Equipo Humano\",\"url\":\"https:\/\/fundacionequipohumano.es\/en\/\",\"logo\":{\"@type\":\"ImageObject\",\"inLanguage\":\"es\",\"@id\":\"https:\/\/fundacionequipohumano.es\/en\/#\/schema\/logo\/image\/\",\"url\":\"https:\/\/fundacionequipohumano.es\/wp-content\/uploads\/2020\/01\/FEH_logo-03-1.svg\",\"contentUrl\":\"https:\/\/fundacionequipohumano.es\/wp-content\/uploads\/2020\/01\/FEH_logo-03-1.svg\",\"width\":595,\"height\":81,\"caption\":\"Fundaci\u00f3n Equipo Humano\"},\"image\":{\"@id\":\"https:\/\/fundacionequipohumano.es\/en\/#\/schema\/logo\/image\/\"},\"sameAs\":[\"https:\/\/www.facebook.com\/fundacionEH\/\",\"https:\/\/twitter.com\/FEquipoHumano\",\"https:\/\/www.instagram.com\/fequipohumano\/\",\"https:\/\/www.linkedin.com\/company\/fundacion-equipo-humano\/\"]},{\"@type\":\"Person\",\"@id\":\"https:\/\/fundacionequipohumano.es\/en\/#\/schema\/person\/9bc5b2014b12f596bf679aac5e4064b2\",\"name\":\"FEH\",\"image\":{\"@type\":\"ImageObject\",\"inLanguage\":\"es\",\"@id\":\"https:\/\/fundacionequipohumano.es\/en\/#\/schema\/person\/image\/\",\"url\":\"https:\/\/secure.gravatar.com\/avatar\/cb06b967607e2b8af830751721ec1b32?s=96&d=mm&r=g\",\"contentUrl\":\"https:\/\/secure.gravatar.com\/avatar\/cb06b967607e2b8af830751721ec1b32?s=96&d=mm&r=g\",\"caption\":\"FEH\"}}]}<\/script>\n<!-- \/ Yoast SEO plugin. -->","yoast_head_json":{"title":"Call for Proposals: Entrepreneurship Education (Pan-European Entrepreneurial Learning Initiative) - Fundaci\u00f3n Equipo Humano","robots":{"index":"index","follow":"follow","max-snippet":"max-snippet:-1","max-image-preview":"max-image-preview:large","max-video-preview":"max-video-preview:-1"},"canonical":"https:\/\/fundacionequipohumano.es\/en\/entrepreneurship-education-pan-european-entrepreneurial-learning-initiative\/","og_locale":"es_ES","og_type":"article","og_title":"Call for Proposals: Entrepreneurship Education (Pan-European Entrepreneurial Learning Initiative) - Fundaci\u00f3n Equipo Humano","og_description":"REF: WP 2014- 4- 06 Main Objectives&nbsp; The objective of this call for proposals is to develop a pan-European entrepreneurial learning initiative bringing together existing European and national expertise, in&hellip;","og_url":"https:\/\/fundacionequipohumano.es\/en\/entrepreneurship-education-pan-european-entrepreneurial-learning-initiative\/","og_site_name":"Fundaci\u00f3n Equipo Humano","article_publisher":"https:\/\/www.facebook.com\/fundacionEH\/","article_published_time":"2014-07-16T06:17:41+00:00","og_image":[{"width":324,"height":220,"url":"https:\/\/fundacionequipohumano.es\/wp-content\/uploads\/2014\/07\/f60a47f7792630a3a86bc14c0657e89c.jpg","type":"image\/jpeg"}],"author":"FEH","twitter_card":"summary_large_image","twitter_creator":"@FEquipoHumano","twitter_site":"@FEquipoHumano","twitter_misc":{"Written by":"FEH","Estimated reading time":"4 minutos"},"schema":{"@context":"https:\/\/schema.org","@graph":[{"@type":"Article","@id":"https:\/\/fundacionequipohumano.es\/en\/entrepreneurship-education-pan-european-entrepreneurial-learning-initiative\/#article","isPartOf":{"@id":"https:\/\/fundacionequipohumano.es\/en\/entrepreneurship-education-pan-european-entrepreneurial-learning-initiative\/"},"author":{"name":"FEH","@id":"https:\/\/fundacionequipohumano.es\/en\/#\/schema\/person\/9bc5b2014b12f596bf679aac5e4064b2"},"headline":"Call for Proposals: Entrepreneurship Education (Pan-European Entrepreneurial Learning Initiative)","datePublished":"2014-07-16T06:17:41+00:00","dateModified":"2014-07-16T06:17:41+00:00","mainEntityOfPage":{"@id":"https:\/\/fundacionequipohumano.es\/en\/entrepreneurship-education-pan-european-entrepreneurial-learning-initiative\/"},"wordCount":798,"commentCount":0,"publisher":{"@id":"https:\/\/fundacionequipohumano.es\/en\/#organization"},"image":{"@id":"https:\/\/fundacionequipohumano.es\/en\/entrepreneurship-education-pan-european-entrepreneurial-learning-initiative\/#primaryimage"},"thumbnailUrl":"https:\/\/fundacionequipohumano.es\/wp-content\/uploads\/2014\/07\/f60a47f7792630a3a86bc14c0657e89c.jpg","articleSection":["Sin categorizar"],"inLanguage":"es","potentialAction":[{"@type":"CommentAction","name":"Comment","target":["https:\/\/fundacionequipohumano.es\/en\/entrepreneurship-education-pan-european-entrepreneurial-learning-initiative\/#respond"]}]},{"@type":"WebPage","@id":"https:\/\/fundacionequipohumano.es\/en\/entrepreneurship-education-pan-european-entrepreneurial-learning-initiative\/","url":"https:\/\/fundacionequipohumano.es\/en\/entrepreneurship-education-pan-european-entrepreneurial-learning-initiative\/","name":"Call for Proposals: Entrepreneurship Education (Pan-European Entrepreneurial Learning Initiative) - Fundaci\u00f3n Equipo Humano","isPartOf":{"@id":"https:\/\/fundacionequipohumano.es\/en\/#website"},"primaryImageOfPage":{"@id":"https:\/\/fundacionequipohumano.es\/en\/entrepreneurship-education-pan-european-entrepreneurial-learning-initiative\/#primaryimage"},"image":{"@id":"https:\/\/fundacionequipohumano.es\/en\/entrepreneurship-education-pan-european-entrepreneurial-learning-initiative\/#primaryimage"},"thumbnailUrl":"https:\/\/fundacionequipohumano.es\/wp-content\/uploads\/2014\/07\/f60a47f7792630a3a86bc14c0657e89c.jpg","datePublished":"2014-07-16T06:17:41+00:00","dateModified":"2014-07-16T06:17:41+00:00","breadcrumb":{"@id":"https:\/\/fundacionequipohumano.es\/en\/entrepreneurship-education-pan-european-entrepreneurial-learning-initiative\/#breadcrumb"},"inLanguage":"es","potentialAction":[{"@type":"ReadAction","target":["https:\/\/fundacionequipohumano.es\/en\/entrepreneurship-education-pan-european-entrepreneurial-learning-initiative\/"]}]},{"@type":"ImageObject","inLanguage":"es","@id":"https:\/\/fundacionequipohumano.es\/en\/entrepreneurship-education-pan-european-entrepreneurial-learning-initiative\/#primaryimage","url":"https:\/\/fundacionequipohumano.es\/wp-content\/uploads\/2014\/07\/f60a47f7792630a3a86bc14c0657e89c.jpg","contentUrl":"https:\/\/fundacionequipohumano.es\/wp-content\/uploads\/2014\/07\/f60a47f7792630a3a86bc14c0657e89c.jpg","width":324,"height":220},{"@type":"BreadcrumbList","@id":"https:\/\/fundacionequipohumano.es\/en\/entrepreneurship-education-pan-european-entrepreneurial-learning-initiative\/#breadcrumb","itemListElement":[{"@type":"ListItem","position":1,"name":"Portada","item":"https:\/\/fundacionequipohumano.es\/"},{"@type":"ListItem","position":2,"name":"Call for Proposals: Entrepreneurship Education (Pan-European Entrepreneurial Learning Initiative)"}]},{"@type":"WebSite","@id":"https:\/\/fundacionequipohumano.es\/en\/#website","url":"https:\/\/fundacionequipohumano.es\/en\/","name":"Fundaci\u00f3n Equipo Humano","description":"Impulsamos el desarrollo humano mediante innovaci\u00f3n, formaci\u00f3n de calidad y mejora de la empleabilidad. M\u00e1s de 10 a\u00f1os defendiendo el potencial de las personas.","publisher":{"@id":"https:\/\/fundacionequipohumano.es\/en\/#organization"},"potentialAction":[{"@type":"SearchAction","target":{"@type":"EntryPoint","urlTemplate":"https:\/\/fundacionequipohumano.es\/en\/?s={search_term_string}"},"query-input":"required name=search_term_string"}],"inLanguage":"es"},{"@type":"Organization","@id":"https:\/\/fundacionequipohumano.es\/en\/#organization","name":"Fundaci\u00f3n Equipo Humano","url":"https:\/\/fundacionequipohumano.es\/en\/","logo":{"@type":"ImageObject","inLanguage":"es","@id":"https:\/\/fundacionequipohumano.es\/en\/#\/schema\/logo\/image\/","url":"https:\/\/fundacionequipohumano.es\/wp-content\/uploads\/2020\/01\/FEH_logo-03-1.svg","contentUrl":"https:\/\/fundacionequipohumano.es\/wp-content\/uploads\/2020\/01\/FEH_logo-03-1.svg","width":595,"height":81,"caption":"Fundaci\u00f3n Equipo Humano"},"image":{"@id":"https:\/\/fundacionequipohumano.es\/en\/#\/schema\/logo\/image\/"},"sameAs":["https:\/\/www.facebook.com\/fundacionEH\/","https:\/\/twitter.com\/FEquipoHumano","https:\/\/www.instagram.com\/fequipohumano\/","https:\/\/www.linkedin.com\/company\/fundacion-equipo-humano\/"]},{"@type":"Person","@id":"https:\/\/fundacionequipohumano.es\/en\/#\/schema\/person\/9bc5b2014b12f596bf679aac5e4064b2","name":"FEH","image":{"@type":"ImageObject","inLanguage":"es","@id":"https:\/\/fundacionequipohumano.es\/en\/#\/schema\/person\/image\/","url":"https:\/\/secure.gravatar.com\/avatar\/cb06b967607e2b8af830751721ec1b32?s=96&d=mm&r=g","contentUrl":"https:\/\/secure.gravatar.com\/avatar\/cb06b967607e2b8af830751721ec1b32?s=96&d=mm&r=g","caption":"FEH"}}]}},"_links":{"self":[{"href":"https:\/\/fundacionequipohumano.es\/en\/wp-json\/wp\/v2\/posts\/12557"}],"collection":[{"href":"https:\/\/fundacionequipohumano.es\/en\/wp-json\/wp\/v2\/posts"}],"about":[{"href":"https:\/\/fundacionequipohumano.es\/en\/wp-json\/wp\/v2\/types\/post"}],"author":[{"embeddable":true,"href":"https:\/\/fundacionequipohumano.es\/en\/wp-json\/wp\/v2\/users\/18"}],"replies":[{"embeddable":true,"href":"https:\/\/fundacionequipohumano.es\/en\/wp-json\/wp\/v2\/comments?post=12557"}],"version-history":[{"count":0,"href":"https:\/\/fundacionequipohumano.es\/en\/wp-json\/wp\/v2\/posts\/12557\/revisions"}],"wp:featuredmedia":[{"embeddable":true,"href":"https:\/\/fundacionequipohumano.es\/en\/wp-json\/wp\/v2\/media\/12555"}],"wp:attachment":[{"href":"https:\/\/fundacionequipohumano.es\/en\/wp-json\/wp\/v2\/media?parent=12557"}],"wp:term":[{"taxonomy":"category","embeddable":true,"href":"https:\/\/fundacionequipohumano.es\/en\/wp-json\/wp\/v2\/categories?post=12557"},{"taxonomy":"post_tag","embeddable":true,"href":"https:\/\/fundacionequipohumano.es\/en\/wp-json\/wp\/v2\/tags?post=12557"}],"curies":[{"name":"wp","href":"https:\/\/api.w.org\/{rel}","templated":true}]}}